{"id":487,"date":"2012-11-03T18:00:51","date_gmt":"2012-11-03T18:00:51","guid":{"rendered":"http:\/\/annagreta.se\/wp\/?p=487"},"modified":"2012-11-03T19:05:33","modified_gmt":"2012-11-03T19:05:33","slug":"hog-tid","status":"publish","type":"post","link":"http:\/\/annagreta.se\/wp\/2012\/11\/hog-tid\/","title":{"rendered":"H\u00f6g tid"},"content":{"rendered":"<p>Nej, det var ingen s\u00e4rskrivning. Jag menar h\u00f6g tid, inte h\u00f6gtid.<\/p>\n<p>Funderar \u00f6ver hur m\u00e5nga som lider av ett gravt\u00a0 tidsoptimismmissbruk.<\/p>\n<p>Jag menar lider. Det signifikanta f\u00f6r just missbruk \u00e4r ju vanligtvis att man inte sj\u00e4lv \u00e4r riktigt medveten om det, att man inte vill k\u00e4nnas vid det. Det brukar vara omgivningen som f\u00e5r ta hand om lidandet. De medberoende.<\/p>\n<p>F\u00f6r egen del k\u00e4nner jag mig som en tidsrealist. Lite \u00f6verraskande f\u00f6r m\u00e5nga, att en konstn\u00e4r inte flummar runt utan koll, eller?\u00a0 Det \u00e4r ju just det som \u00e4r grejen med att vara tidsrealist. Att organisera, planera och inse fakta, f\u00f6r att man ska f\u00e5 tid \u00f6ver till att \u201dflumma runt\u201d och sl\u00e4ppa taget. F\u00e5 tid \u00f6ver till det man vill och inte m\u00e5ste g\u00f6ra. Lite som att vara ekonomisk, fast inte med pengar, utan med tid.<\/p>\n<p>Det finns ingen som kan skjuta snabbare \u00e4n sin egen skugga, \u00e4ven om m\u00e5nga m\u00e4nniskor beter sig som om de verkligen tror att det \u00e4nd\u00e5 skulle kunna g\u00e5. Att s\u00e4ga \u201dnej, det g\u00e5r inte, tiden \u00e4r f\u00f6r knapp\u201d kan l\u00e5ta negativt, oroligt och fegt. Sj\u00e4lv tycker jag det \u00e4r l\u00e5ngt mer positivt och riktigt, riktigt roligt att s\u00e4ga s\u00e5. \ud83d\ude42 Och modigt! Det \u00e4r mycket tuffare att st\u00e5 kvar p\u00e5 perrongen och v\u00e4nta p\u00e5 n\u00e4sta t\u00e5g \u00e4n att f\u00f6rs\u00f6ka springa ikapp ett t\u00e5g som redan tuffat iv\u00e4g. Rena friskv\u00e5rden.<\/p>\n<p>S\u00e5 h\u00e4r p\u00e5 alla helgons dag, n\u00e4r alla t\u00e4nker p\u00e5 dem som passerat gr\u00e4nsen \u00f6ver till andra sidan, kan jag d\u00e4rf\u00f6r inte l\u00e5ta bli att reflektera \u00f6ver alla som springer, som s\u00e4ger ja n\u00e4r de kanske menar nej. Det faktum att eventuella kollektiva sj\u00e4lvm\u00f6rdare g\u00e5r l\u00f6sa i v\u00e5rt samh\u00e4lle. Sk\u00e4nker en stilla tanke till dem ocks\u00e5. I f\u00f6rebyggande syfte.<\/p>\n<p>Undrar vem som \u00e4r flummigast jag.<\/p>\n<p><a href=\"http:\/\/annagreta.se\/wp\/wp-content\/uploads\/2012\/11\/Livr\u00e4ddad2.jpg\"><img loading=\"lazy\" decoding=\"async\" class=\"alignleft size-medium wp-image-495\" title=\"Livr\u00e4ddad\" src=\"http:\/\/annagreta.se\/wp\/wp-content\/uploads\/2012\/11\/Livr\u00e4ddad2-300x225.jpg\" alt=\"\" width=\"300\" height=\"225\" srcset=\"http:\/\/annagreta.se\/wp\/wp-content\/uploads\/2012\/11\/Livr\u00e4ddad2-300x225.jpg 300w, http:\/\/annagreta.se\/wp\/wp-content\/uploads\/2012\/11\/Livr\u00e4ddad2.jpg 600w\" sizes=\"auto, (max-width: 300px) 100vw, 300px\" \/><\/a><\/p>\n<p>&nbsp;<\/p>\n<p>&nbsp;<\/p>\n<p>&nbsp;<\/p>\n<p>&nbsp;<\/p>\n<p>Livr\u00e4dd eller livr\u00e4ddad?<\/p>\n","protected":false},"excerpt":{"rendered":"<p>Nej, det var ingen s\u00e4rskrivning. Jag menar h\u00f6g tid, inte h\u00f6gtid. Funderar \u00f6ver hur m\u00e5nga som lider av ett gravt\u00a0 tidsoptimismmissbruk. Jag menar lider. Det signifikanta f\u00f6r just missbruk \u00e4r ju vanligtvis att man inte sj\u00e4lv \u00e4r riktigt medveten om &hellip; <a href=\"http:\/\/annagreta.se\/wp\/2012\/11\/hog-tid\/\">Continue reading <span class=\"meta-nav\">&rarr;<\/span><\/a><\/p>\n","protected":false},"author":2,"featured_media":0,"comment_status":"open","ping_status":"open","sticky":false,"template":"","format":"standard","meta":{"footnotes":""},"categories":[1],"tags":[],"class_list":["post-487","post","type-post","status-publish","format-standard","hentry","category-uncategorized"],"_links":{"self":[{"href":"http:\/\/annagreta.se\/wp\/wp-json\/wp\/v2\/posts\/487","targetHints":{"allow":["GET"]}}],"collection":[{"href":"http:\/\/annagreta.se\/wp\/wp-json\/wp\/v2\/posts"}],"about":[{"href":"http:\/\/annagreta.se\/wp\/wp-json\/wp\/v2\/types\/post"}],"author":[{"embeddable":true,"href":"http:\/\/annagreta.se\/wp\/wp-json\/wp\/v2\/users\/2"}],"replies":[{"embeddable":true,"href":"http:\/\/annagreta.se\/wp\/wp-json\/wp\/v2\/comments?post=487"}],"version-history":[{"count":12,"href":"http:\/\/annagreta.se\/wp\/wp-json\/wp\/v2\/posts\/487\/revisions"}],"predecessor-version":[{"id":499,"href":"http:\/\/annagreta.se\/wp\/wp-json\/wp\/v2\/posts\/487\/revisions\/499"}],"wp:attachment":[{"href":"http:\/\/annagreta.se\/wp\/wp-json\/wp\/v2\/media?parent=487"}],"wp:term":[{"taxonomy":"category","embeddable":true,"href":"http:\/\/annagreta.se\/wp\/wp-json\/wp\/v2\/categories?post=487"},{"taxonomy":"post_tag","embeddable":true,"href":"http:\/\/annagreta.se\/wp\/wp-json\/wp\/v2\/tags?post=487"}],"curies":[{"name":"wp","href":"https:\/\/api.w.org\/{rel}","templated":true}]}}