{"id":2843,"date":"2024-11-18T12:58:28","date_gmt":"2024-11-18T12:58:28","guid":{"rendered":"https:\/\/annagreta.se\/wp\/?p=2843"},"modified":"2024-11-18T12:59:51","modified_gmt":"2024-11-18T12:59:51","slug":"syns-inte-finns-inte-2","status":"publish","type":"post","link":"http:\/\/annagreta.se\/wp\/2024\/11\/syns-inte-finns-inte-2\/","title":{"rendered":"Syns inte, finns inte"},"content":{"rendered":"<p>Att h\u00f6ras eller synas \u00e4r inte helt enkelt. Trots att vi alla faktiskt bara genom att existera b\u00e5de syns och h\u00f6rs. Sv\u00e5righeten ligger egentligen inte i att synas och h\u00f6ras, problemet \u00e4r snarare f\u00f6rm\u00e5gan att se\/titta och att h\u00f6ra\/lyssna. Stor f\u00f6rm\u00e5ga att titta och lyssna \u00a0h\u00e4nger ihop med m\u00f6jlighet till reflektion, insikt och i slut\u00e4nden \u00f6kad kunskap. P\u00e5 gott eller ont.<\/p>\n<p>Orsak och verkan \u00e4r intressant att reflektera kring, tycker jag. Fantasi \u00e4r ocks\u00e5 intressant att fundera p\u00e5. Ibland fantiserar jag om att alla glutenallergiker skulle tvingas \u00e4ta br\u00f6d medan de handlar i mataff\u00e4ren, eller att jordn\u00f6tsallergiker blev tvingade att \u00e4ta jordn\u00f6tter f\u00f6r att f\u00e5 vistas p\u00e5 en buss. Vilka elaka tankar, t\u00e4nker kanske n\u00e5gon.<\/p>\n<p>Ofta t\u00e4nker jag p\u00e5 alla som lider av doft- och kemikalie\u00f6verk\u00e4nslighet, luftv\u00e4gsproblem, astma, migr\u00e4n mm, som ofrivilligt andas in parfym\/doft\u00e4mnen\/luftburna kemikalier \u00a0varje g\u00e5ng de g\u00e5r och handlar eller \u00e5ker buss.<\/p>\n<p>Sen t\u00e4nkte jag p\u00e5 orsak och verkan och p\u00e5 att verkligheten pl\u00f6tsligt framst\u00e5r som fantasi.<\/p>\n<p>Funderade \u00e4ven en stund p\u00e5 att jag finns, \u00e4ven om du inte kan se mig just nu.<br \/>\nNu finns \u00e4ven n\u00e5gra av mina osynliga tankar inte bara i min egen fantasi, utan \u00e4r helt synliga i en text som du nyss l\u00e4st. Allts\u00e5 har du sett dem. Hoppas nu innerligt att de kan ge dig m\u00f6jlighet till reflektion, insikt och kunskap.<\/p>\n<p>Alla har vi kunskap nog till att f\u00f6rst\u00e5 att s\u00e5 l\u00e4nge vi andas finns vi, inte i fantasin utan i verkligheten. F\u00f6r andas m\u00e5ste vi alla g\u00f6ra. S\u00e5 l\u00e4nge vi finns.<\/p>\n<p><a href=\"http:\/\/annagreta.se\/wp\/wp-content\/uploads\/2024\/11\/Face-it-vildvittra.jpg\"><img loading=\"lazy\" decoding=\"async\" class=\"alignleft size-medium wp-image-2844\" src=\"http:\/\/annagreta.se\/wp\/wp-content\/uploads\/2024\/11\/Face-it-vildvittra-170x300.jpg\" alt=\"\" width=\"170\" height=\"300\" srcset=\"http:\/\/annagreta.se\/wp\/wp-content\/uploads\/2024\/11\/Face-it-vildvittra-170x300.jpg 170w, http:\/\/annagreta.se\/wp\/wp-content\/uploads\/2024\/11\/Face-it-vildvittra.jpg 188w\" sizes=\"auto, (max-width: 170px) 100vw, 170px\" \/><\/a>Mvh<\/p>\n<p>Vildvittran<\/p>\n<p>&nbsp;<\/p>\n<p>&nbsp;<\/p>\n","protected":false},"excerpt":{"rendered":"<p>Att h\u00f6ras eller synas \u00e4r inte helt enkelt. Trots att vi alla faktiskt bara genom att existera b\u00e5de syns och h\u00f6rs. Sv\u00e5righeten ligger egentligen inte i att synas och h\u00f6ras, problemet \u00e4r snarare f\u00f6rm\u00e5gan att se\/titta och att h\u00f6ra\/lyssna. Stor &hellip; <a href=\"http:\/\/annagreta.se\/wp\/2024\/11\/syns-inte-finns-inte-2\/\">Continue reading <span class=\"meta-nav\">&rarr;<\/span><\/a><\/p>\n","protected":false},"author":2,"featured_media":0,"comment_status":"open","ping_status":"open","sticky":false,"template":"","format":"standard","meta":{"footnotes":""},"categories":[1],"tags":[],"class_list":["post-2843","post","type-post","status-publish","format-standard","hentry","category-uncategorized"],"_links":{"self":[{"href":"http:\/\/annagreta.se\/wp\/wp-json\/wp\/v2\/posts\/2843","targetHints":{"allow":["GET"]}}],"collection":[{"href":"http:\/\/annagreta.se\/wp\/wp-json\/wp\/v2\/posts"}],"about":[{"href":"http:\/\/annagreta.se\/wp\/wp-json\/wp\/v2\/types\/post"}],"author":[{"embeddable":true,"href":"http:\/\/annagreta.se\/wp\/wp-json\/wp\/v2\/users\/2"}],"replies":[{"embeddable":true,"href":"http:\/\/annagreta.se\/wp\/wp-json\/wp\/v2\/comments?post=2843"}],"version-history":[{"count":3,"href":"http:\/\/annagreta.se\/wp\/wp-json\/wp\/v2\/posts\/2843\/revisions"}],"predecessor-version":[{"id":2847,"href":"http:\/\/annagreta.se\/wp\/wp-json\/wp\/v2\/posts\/2843\/revisions\/2847"}],"wp:attachment":[{"href":"http:\/\/annagreta.se\/wp\/wp-json\/wp\/v2\/media?parent=2843"}],"wp:term":[{"taxonomy":"category","embeddable":true,"href":"http:\/\/annagreta.se\/wp\/wp-json\/wp\/v2\/categories?post=2843"},{"taxonomy":"post_tag","embeddable":true,"href":"http:\/\/annagreta.se\/wp\/wp-json\/wp\/v2\/tags?post=2843"}],"curies":[{"name":"wp","href":"https:\/\/api.w.org\/{rel}","templated":true}]}}