{"id":2830,"date":"2024-10-30T09:50:15","date_gmt":"2024-10-30T09:50:15","guid":{"rendered":"https:\/\/annagreta.se\/wp\/?p=2830"},"modified":"2024-10-30T10:02:18","modified_gmt":"2024-10-30T10:02:18","slug":"v-g-stor-mej","status":"publish","type":"post","link":"http:\/\/annagreta.se\/wp\/2024\/10\/v-g-stor-mej\/","title":{"rendered":"V g st\u00f6r (m)ej."},"content":{"rendered":"<p>St\u00f6r jag? I s\u00e5 fall f\u00e5r du sluta l\u00e4sa h\u00e4r och \u00e5terg\u00e5 till n\u00e5got viktigare. Du \u00e4r s\u00e5 hj\u00e4rtligt v\u00e4lkommen tillbaka n\u00e4r du f\u00e5r tillf\u00e4lle, det vill jag att du ska veta innan du slutar l\u00e4sa.<\/p>\n<p>Hoppas inte det var n\u00e5got tr\u00e5kigt som hindrade dig fr\u00e5n att forts\u00e4tta l\u00e4sa. Vi har ju alla v\u00e5ra sk\u00e4l till att vi prioriterar olika, vi l\u00e4gger v\u00e5r tid p\u00e5 vad vi m\u00e5ste och vill. F\u00f6r att sedan kanske gl\u00f6mma bort att g\u00f6ra det d\u00e4r som vi egentligen vill.<\/p>\n<p>Min mamma brukade ringa mig d\u00e5 och d\u00e5, ja ganska ofta skulle man nog kunna s\u00e4ga, med dagens m\u00e5tt m\u00e4tt. De sista \u00e5ren i hennes liv ibland tv\u00e5 g\u00e5nger per dag, d\u00e5 minnet sviktade. Hon kunde ringa och fr\u00e5ga hur det var, varp\u00e5 jag svarade att det var som vanligt, inget hade h\u00e4nt. D\u00e5 sa hon ibland direkt \u00a0&#8220;Det var ju sk\u00f6nt att h\u00f6ra, var r\u00e4dda om er, ha det s\u00e5 bra ni kan- hej d\u00e5. &#8221;<\/p>\n<p>En kort liten koll bara, s\u00e5 betydelsefull och viktig. IRL, som det numera heter. Vi fick h\u00f6ra varandras r\u00f6ster och fick kontakt f\u00f6r en liten stund, men k\u00e4nslan som l\u00e4mnades kvar r\u00e4ckte l\u00e4ngre \u00e4n s\u00e5, f\u00f6r oss b\u00e5da.<\/p>\n<p>Ett hej betyder mycket mer \u00e4n man kan tro, lite bry, en fr\u00e5ga, ett livstecken fr\u00e5n n\u00e5gon kan ge ringar p\u00e5 vattnet och ibland till och med s\u00e4tta ig\u00e5ng ett v\u00e4lg\u00f6rande fl\u00f6de.<\/p>\n<p>Det beh\u00f6ver inte forsa, oftast r\u00e4cker det med att det porlar. Forsar det f\u00f6r mycket, kan det bli \u00f6versv\u00e4mning, s\u00e5 som alltid \u00e4r det balans som g\u00e4ller. Det mesta och de flesta s\u00f6ker balans och vi kan alla hj\u00e4lpas \u00e5t att balansera p\u00e5 ett eller annat s\u00e4tt.<\/p>\n<p>Att det \u00e4r &#8220;b\u00e4ttre att st\u00e4mma i b\u00e4cken \u00e4n i \u00e5n&#8221; \u00e4r nog sant, men sj\u00e4lv tror jag att det aldrig \u00e4r f\u00f6r sent att f\u00f6rs\u00f6ka hitta balans i v\u00e5ra gemensamma fl\u00f6den, f\u00f6r vi betyder nog alla mer \u00e4n vad vi tror f\u00f6r varandra.<\/p>\n<p>Hej, fr\u00e5n mej.<br \/>\n\/Anna-Greta<\/p>\n<p><a href=\"http:\/\/annagreta.se\/wp\/wp-content\/uploads\/2024\/10\/Hoga-floden.jpg\"><img loading=\"lazy\" decoding=\"async\" class=\"alignleft size-medium wp-image-2831\" src=\"http:\/\/annagreta.se\/wp\/wp-content\/uploads\/2024\/10\/Hoga-floden-243x300.jpg\" alt=\"\" width=\"243\" height=\"300\" srcset=\"http:\/\/annagreta.se\/wp\/wp-content\/uploads\/2024\/10\/Hoga-floden-243x300.jpg 243w, http:\/\/annagreta.se\/wp\/wp-content\/uploads\/2024\/10\/Hoga-floden.jpg 600w\" sizes=\"auto, (max-width: 243px) 100vw, 243px\" \/><\/a><\/p>\n<p>&nbsp;<\/p>\n<p>&nbsp;<\/p>\n<p>&nbsp;<\/p>\n<p>&nbsp;<\/p>\n<p>&nbsp;<\/p>\n<p>&nbsp;<\/p>\n<p><em><\/p>\n<p>&#8220;H\u00f6ga fl\u00f6den&#8221; Akvarell.<\/em><\/p>\n","protected":false},"excerpt":{"rendered":"<p>St\u00f6r jag? I s\u00e5 fall f\u00e5r du sluta l\u00e4sa h\u00e4r och \u00e5terg\u00e5 till n\u00e5got viktigare. Du \u00e4r s\u00e5 hj\u00e4rtligt v\u00e4lkommen tillbaka n\u00e4r du f\u00e5r tillf\u00e4lle, det vill jag att du ska veta innan du slutar l\u00e4sa. Hoppas inte det var &hellip; <a href=\"http:\/\/annagreta.se\/wp\/2024\/10\/v-g-stor-mej\/\">Continue reading <span class=\"meta-nav\">&rarr;<\/span><\/a><\/p>\n","protected":false},"author":2,"featured_media":0,"comment_status":"open","ping_status":"open","sticky":false,"template":"","format":"standard","meta":{"footnotes":""},"categories":[1],"tags":[],"class_list":["post-2830","post","type-post","status-publish","format-standard","hentry","category-uncategorized"],"_links":{"self":[{"href":"http:\/\/annagreta.se\/wp\/wp-json\/wp\/v2\/posts\/2830","targetHints":{"allow":["GET"]}}],"collection":[{"href":"http:\/\/annagreta.se\/wp\/wp-json\/wp\/v2\/posts"}],"about":[{"href":"http:\/\/annagreta.se\/wp\/wp-json\/wp\/v2\/types\/post"}],"author":[{"embeddable":true,"href":"http:\/\/annagreta.se\/wp\/wp-json\/wp\/v2\/users\/2"}],"replies":[{"embeddable":true,"href":"http:\/\/annagreta.se\/wp\/wp-json\/wp\/v2\/comments?post=2830"}],"version-history":[{"count":5,"href":"http:\/\/annagreta.se\/wp\/wp-json\/wp\/v2\/posts\/2830\/revisions"}],"predecessor-version":[{"id":2836,"href":"http:\/\/annagreta.se\/wp\/wp-json\/wp\/v2\/posts\/2830\/revisions\/2836"}],"wp:attachment":[{"href":"http:\/\/annagreta.se\/wp\/wp-json\/wp\/v2\/media?parent=2830"}],"wp:term":[{"taxonomy":"category","embeddable":true,"href":"http:\/\/annagreta.se\/wp\/wp-json\/wp\/v2\/categories?post=2830"},{"taxonomy":"post_tag","embeddable":true,"href":"http:\/\/annagreta.se\/wp\/wp-json\/wp\/v2\/tags?post=2830"}],"curies":[{"name":"wp","href":"https:\/\/api.w.org\/{rel}","templated":true}]}}