{"id":1068,"date":"2014-05-11T11:33:09","date_gmt":"2014-05-11T11:33:09","guid":{"rendered":"http:\/\/annagreta.se\/wp\/?p=1068"},"modified":"2014-05-12T07:42:52","modified_gmt":"2014-05-12T07:42:52","slug":"tank-om","status":"publish","type":"post","link":"http:\/\/annagreta.se\/wp\/2014\/05\/tank-om\/","title":{"rendered":"T\u00e4nk om"},"content":{"rendered":"<p>T\u00e4nk om vi alla hade det l\u00e4ttast. Om vi allihop var den som hade mest, flest, st\u00f6rst, b\u00e4st vad det nu \u00e4r och om vi alla alltid hade r\u00e4tt. T\u00e4nk om vi alla vann. S\u00e5 vi alla kunde ta \u00e5t oss \u00e4ran, vara den som \u00e4r rikast, friskast och som levde det enklaste, underbaraste och b\u00e4sta liv vi kan t\u00e4nka oss och om vi alla vore gladast och lyckligast i all sin dar!<\/p>\n<p>T\u00e4nk om vi alla hade det sv\u00e5rast. Om vi allihop var den som hade minst och s\u00e4mst och som alltid hade fel. T\u00e4nk om vi alla f\u00f6rlorade. S\u00e5 vi alla kunde tycka synd om oss, vara den som \u00e4r fattigast, sjukast och som levde det v\u00e4rsta, mest bedr\u00f6vliga liv man kan t\u00e4nka sig och om vi alla vore ledsna, olyckliga och hj\u00e4lpl\u00f6sa och p\u00e5 s\u00e5 s\u00e4tt ber\u00e4ttigade till den uppm\u00e4rksamhet, tr\u00f6st och omtanke vi alla beh\u00f6ver.<\/p>\n<p>T\u00e4nk om alla hade det b\u00e4ttre \u00e4n varandra. Eller s\u00e4mre.<br \/>\nVore det det b\u00e4sta? Eller det s\u00e4msta?<br \/>\nOm vi alla tyckte och k\u00e4nde likadant, s\u00e5g lika dana ut och hade en exakt likadan tillvaro,<br \/>\nom vi visste exakt hur och varf\u00f6r andra m\u00e4nniskor t\u00e4nker, k\u00e4nner, s\u00e4ger och g\u00f6r; vore alla n\u00f6jda, respekterade och tillfreds d\u00e5?<\/p>\n<p><a href=\"http:\/\/annagreta.se\/wp\/wp-content\/uploads\/2014\/05\/Maskros-w.jpg\"><img loading=\"lazy\" decoding=\"async\" class=\"alignleft size-medium wp-image-1074\" alt=\"Maskros-w\" src=\"http:\/\/annagreta.se\/wp\/wp-content\/uploads\/2014\/05\/Maskros-w-188x300.jpg\" width=\"188\" height=\"300\" srcset=\"http:\/\/annagreta.se\/wp\/wp-content\/uploads\/2014\/05\/Maskros-w-188x300.jpg 188w, http:\/\/annagreta.se\/wp\/wp-content\/uploads\/2014\/05\/Maskros-w.jpg 600w\" sizes=\"auto, (max-width: 188px) 100vw, 188px\" \/><\/a>T\u00e4nk om vi alla hade samma horisont.<\/p>\n<p>Om inte om fanns,<br \/>\nkunde ingen av oss t\u00e4nka om.<\/p>\n<p>Och en omtanke vore endast en tanke.<\/p>\n<p>&nbsp;<\/p>\n<p>&nbsp;<\/p>\n","protected":false},"excerpt":{"rendered":"<p>T\u00e4nk om vi alla hade det l\u00e4ttast. Om vi allihop var den som hade mest, flest, st\u00f6rst, b\u00e4st vad det nu \u00e4r och om vi alla alltid hade r\u00e4tt. T\u00e4nk om vi alla vann. S\u00e5 vi alla kunde ta \u00e5t &hellip; <a href=\"http:\/\/annagreta.se\/wp\/2014\/05\/tank-om\/\">Continue reading <span class=\"meta-nav\">&rarr;<\/span><\/a><\/p>\n","protected":false},"author":2,"featured_media":0,"comment_status":"open","ping_status":"open","sticky":false,"template":"","format":"standard","meta":{"footnotes":""},"categories":[1],"tags":[],"class_list":["post-1068","post","type-post","status-publish","format-standard","hentry","category-uncategorized"],"_links":{"self":[{"href":"http:\/\/annagreta.se\/wp\/wp-json\/wp\/v2\/posts\/1068","targetHints":{"allow":["GET"]}}],"collection":[{"href":"http:\/\/annagreta.se\/wp\/wp-json\/wp\/v2\/posts"}],"about":[{"href":"http:\/\/annagreta.se\/wp\/wp-json\/wp\/v2\/types\/post"}],"author":[{"embeddable":true,"href":"http:\/\/annagreta.se\/wp\/wp-json\/wp\/v2\/users\/2"}],"replies":[{"embeddable":true,"href":"http:\/\/annagreta.se\/wp\/wp-json\/wp\/v2\/comments?post=1068"}],"version-history":[{"count":16,"href":"http:\/\/annagreta.se\/wp\/wp-json\/wp\/v2\/posts\/1068\/revisions"}],"predecessor-version":[{"id":1082,"href":"http:\/\/annagreta.se\/wp\/wp-json\/wp\/v2\/posts\/1068\/revisions\/1082"}],"wp:attachment":[{"href":"http:\/\/annagreta.se\/wp\/wp-json\/wp\/v2\/media?parent=1068"}],"wp:term":[{"taxonomy":"category","embeddable":true,"href":"http:\/\/annagreta.se\/wp\/wp-json\/wp\/v2\/categories?post=1068"},{"taxonomy":"post_tag","embeddable":true,"href":"http:\/\/annagreta.se\/wp\/wp-json\/wp\/v2\/tags?post=1068"}],"curies":[{"name":"wp","href":"https:\/\/api.w.org\/{rel}","templated":true}]}}